{"id":269,"date":"2023-05-14T17:17:41","date_gmt":"2023-05-14T17:17:41","guid":{"rendered":"https:\/\/demosites.royal-elementor-addons.com\/fintech-v1\/?p=269"},"modified":"2023-10-05T02:12:01","modified_gmt":"2023-10-05T02:12:01","slug":"lideranca-humanizada-inspirando-equipes-com-empatia-e-proposito","status":"publish","type":"post","link":"https:\/\/mudioficial.com\/index.php\/2023\/05\/14\/lideranca-humanizada-inspirando-equipes-com-empatia-e-proposito\/","title":{"rendered":"Lideran\u00e7a Humanizada: Inspirando Equipes com Empatia e Prop\u00f3sito"},"content":{"rendered":"\t\t<div data-elementor-type=\"wp-post\" data-elementor-id=\"269\" class=\"elementor elementor-269\">\n\t\t\t\t\t\t<section class=\"elementor-section elementor-top-section elementor-element elementor-element-68d323d elementor-section-boxed elementor-section-height-default elementor-section-height-default wpr-particle-no wpr-jarallax-no wpr-parallax-no wpr-sticky-section-no wpr-column-slider-no wpr-equal-height-no\" data-id=\"68d323d\" data-element_type=\"section\">\n\t\t\t\t\t\t<div class=\"elementor-container elementor-column-gap-default\">\n\t\t\t\t\t<div class=\"elementor-column elementor-col-100 elementor-top-column elementor-element elementor-element-95ef386\" data-id=\"95ef386\" data-element_type=\"column\">\n\t\t\t<div class=\"elementor-widget-wrap elementor-element-populated\">\n\t\t\t\t\t\t<div class=\"elementor-element elementor-element-c942b06 elementor-widget elementor-widget-text-editor\" data-id=\"c942b06\" data-element_type=\"widget\" data-widget_type=\"text-editor.default\">\n\t\t\t\t<div class=\"elementor-widget-container\">\n\t\t\t\t\t\t\t\t\t<p><\/p>\n<p><strong>A Transforma\u00e7\u00e3o da Lideran\u00e7a<\/strong><\/p>\n<p>Num mundo em constante evolu\u00e7\u00e3o, a lideran\u00e7a humanizada emerge como uma abordagem transformadora. Mais do que gerir equipes, l\u00edderes humanizados inspiram, conectam-se emocionalmente e promovem um ambiente de trabalho que valoriza cada indiv\u00edduo. Vamos explorar como essa forma de lideran\u00e7a est\u00e1 redefinindo o cen\u00e1rio corporativo.<\/p>\n<p><\/p>\n<p><\/p>\n<p>A lideran\u00e7a humanizada come\u00e7a com a compreens\u00e3o profunda das pessoas que comp\u00f5em a equipe. L\u00edderes dedicam tempo para conhecer as aspira\u00e7\u00f5es, desafios e habilidades individuais, criando uma conex\u00e3o aut\u00eantica.<\/p>\n<p><\/p>\t\t\t\t\t\t\t\t<\/div>\n\t\t\t\t<\/div>\n\t\t\t\t<section class=\"elementor-section elementor-inner-section elementor-element elementor-element-5a2f8e0 elementor-section-boxed elementor-section-height-default elementor-section-height-default wpr-particle-no wpr-jarallax-no wpr-parallax-no wpr-sticky-section-no wpr-column-slider-no wpr-equal-height-no\" data-id=\"5a2f8e0\" data-element_type=\"section\">\n\t\t\t\t\t\t<div class=\"elementor-container elementor-column-gap-default\">\n\t\t\t\t\t<div class=\"elementor-column elementor-col-50 elementor-inner-column elementor-element elementor-element-ac3d4a7\" data-id=\"ac3d4a7\" data-element_type=\"column\">\n\t\t\t<div class=\"elementor-widget-wrap elementor-element-populated\">\n\t\t\t\t\t\t<div class=\"elementor-element elementor-element-296897b elementor-widget elementor-widget-image\" data-id=\"296897b\" data-element_type=\"widget\" data-widget_type=\"image.default\">\n\t\t\t\t<div class=\"elementor-widget-container\">\n\t\t\t\t\t\t\t\t\t\t\t\t\t\t\t<img fetchpriority=\"high\" decoding=\"async\" width=\"960\" height=\"629\" src=\"https:\/\/mudioficial.com\/wp-content\/uploads\/2023\/05\/happy-people-high-fiving-each-other-group-therapy-session-1024x671.jpg\" class=\"attachment-large size-large wp-image-1432\" alt=\"\" srcset=\"https:\/\/mudioficial.com\/wp-content\/uploads\/2023\/05\/happy-people-high-fiving-each-other-group-therapy-session-1024x671.jpg 1024w, https:\/\/mudioficial.com\/wp-content\/uploads\/2023\/05\/happy-people-high-fiving-each-other-group-therapy-session-300x197.jpg 300w, https:\/\/mudioficial.com\/wp-content\/uploads\/2023\/05\/happy-people-high-fiving-each-other-group-therapy-session-768x503.jpg 768w, https:\/\/mudioficial.com\/wp-content\/uploads\/2023\/05\/happy-people-high-fiving-each-other-group-therapy-session-1536x1006.jpg 1536w, https:\/\/mudioficial.com\/wp-content\/uploads\/2023\/05\/happy-people-high-fiving-each-other-group-therapy-session-2048x1341.jpg 2048w\" sizes=\"(max-width: 960px) 100vw, 960px\" \/>\t\t\t\t\t\t\t\t\t\t\t\t\t\t\t<\/div>\n\t\t\t\t<\/div>\n\t\t\t\t\t<\/div>\n\t\t<\/div>\n\t\t\t\t<div class=\"elementor-column elementor-col-50 elementor-inner-column elementor-element elementor-element-fcd940f\" data-id=\"fcd940f\" data-element_type=\"column\">\n\t\t\t<div class=\"elementor-widget-wrap elementor-element-populated\">\n\t\t\t\t\t\t<div class=\"elementor-element elementor-element-f143884 elementor-widget elementor-widget-image\" data-id=\"f143884\" data-element_type=\"widget\" data-widget_type=\"image.default\">\n\t\t\t\t<div class=\"elementor-widget-container\">\n\t\t\t\t\t\t\t\t\t\t\t\t\t\t\t<img decoding=\"async\" width=\"960\" height=\"640\" src=\"https:\/\/mudioficial.com\/wp-content\/uploads\/2023\/05\/multiracial-business-people-put-hands-together-group-team-meeting-1024x683.jpg\" class=\"attachment-large size-large wp-image-1433\" alt=\"\" srcset=\"https:\/\/mudioficial.com\/wp-content\/uploads\/2023\/05\/multiracial-business-people-put-hands-together-group-team-meeting-1024x683.jpg 1024w, https:\/\/mudioficial.com\/wp-content\/uploads\/2023\/05\/multiracial-business-people-put-hands-together-group-team-meeting-300x200.jpg 300w, https:\/\/mudioficial.com\/wp-content\/uploads\/2023\/05\/multiracial-business-people-put-hands-together-group-team-meeting-768x512.jpg 768w, https:\/\/mudioficial.com\/wp-content\/uploads\/2023\/05\/multiracial-business-people-put-hands-together-group-team-meeting-1536x1024.jpg 1536w, https:\/\/mudioficial.com\/wp-content\/uploads\/2023\/05\/multiracial-business-people-put-hands-together-group-team-meeting-2048x1365.jpg 2048w\" sizes=\"(max-width: 960px) 100vw, 960px\" \/>\t\t\t\t\t\t\t\t\t\t\t\t\t\t\t<\/div>\n\t\t\t\t<\/div>\n\t\t\t\t\t<\/div>\n\t\t<\/div>\n\t\t\t\t\t<\/div>\n\t\t<\/section>\n\t\t\t\t<div class=\"elementor-element elementor-element-edbf47c elementor-widget elementor-widget-text-editor\" data-id=\"edbf47c\" data-element_type=\"widget\" data-widget_type=\"text-editor.default\">\n\t\t\t\t<div class=\"elementor-widget-container\">\n\t\t\t\t\t\t\t\t\t<p><\/p>\n<p>A empatia \u00e9 a espinha dorsal da lideran\u00e7a humanizada. L\u00edderes emp\u00e1ticos n\u00e3o apenas reconhecem as emo\u00e7\u00f5es de seus colaboradores, mas tamb\u00e9m as incorporam em suas decis\u00f5es e a\u00e7\u00f5es, promovendo um ambiente de trabalho mais solid\u00e1rio.<\/p>\n<p><\/p>\t\t\t\t\t\t\t\t<\/div>\n\t\t\t\t<\/div>\n\t\t\t\t<section class=\"elementor-section elementor-inner-section elementor-element elementor-element-2691a67 elementor-section-boxed elementor-section-height-default elementor-section-height-default wpr-particle-no wpr-jarallax-no wpr-parallax-no wpr-sticky-section-no wpr-column-slider-no wpr-equal-height-no\" data-id=\"2691a67\" data-element_type=\"section\">\n\t\t\t\t\t\t<div class=\"elementor-container elementor-column-gap-default\">\n\t\t\t\t\t<div class=\"elementor-column elementor-col-50 elementor-inner-column elementor-element elementor-element-ee51144\" data-id=\"ee51144\" data-element_type=\"column\">\n\t\t\t<div class=\"elementor-widget-wrap elementor-element-populated\">\n\t\t\t\t\t\t<div class=\"elementor-element elementor-element-e9a85a4 elementor-widget elementor-widget-text-editor\" data-id=\"e9a85a4\" data-element_type=\"widget\" data-widget_type=\"text-editor.default\">\n\t\t\t\t<div class=\"elementor-widget-container\">\n\t\t\t\t\t\t\t\t\t<p>L\u00edderes humanizados investem no desenvolvimento integral de suas equipes. Isso vai al\u00e9m do crescimento profissional, incluindo tamb\u00e9m o desenvolvimento pessoal, incentivando uma abordagem hol\u00edstica para o bem-estar dos colaboradores.<\/p>\t\t\t\t\t\t\t\t<\/div>\n\t\t\t\t<\/div>\n\t\t\t\t\t<\/div>\n\t\t<\/div>\n\t\t\t\t<div class=\"elementor-column elementor-col-50 elementor-inner-column elementor-element elementor-element-bb3da97\" data-id=\"bb3da97\" data-element_type=\"column\">\n\t\t\t<div class=\"elementor-widget-wrap elementor-element-populated\">\n\t\t\t\t\t\t<div class=\"elementor-element elementor-element-4dd2d03 elementor-icon-list--layout-traditional elementor-list-item-link-full_width elementor-widget elementor-widget-icon-list\" data-id=\"4dd2d03\" data-element_type=\"widget\" data-widget_type=\"icon-list.default\">\n\t\t\t\t<div class=\"elementor-widget-container\">\n\t\t\t\t\t\t\t<ul class=\"elementor-icon-list-items\">\n\t\t\t\t\t\t\t<li class=\"elementor-icon-list-item\">\n\t\t\t\t\t\t\t\t\t\t\t<span class=\"elementor-icon-list-icon\">\n\t\t\t\t\t\t\t<i aria-hidden=\"true\" class=\"fas fa-check-circle\"><\/i>\t\t\t\t\t\t<\/span>\n\t\t\t\t\t\t\t\t\t\t<span class=\"elementor-icon-list-text\">Engajamento Elevado<\/span>\n\t\t\t\t\t\t\t\t\t<\/li>\n\t\t\t\t\t\t\t\t<li class=\"elementor-icon-list-item\">\n\t\t\t\t\t\t\t\t\t\t\t<span class=\"elementor-icon-list-icon\">\n\t\t\t\t\t\t\t<i aria-hidden=\"true\" class=\"fas fa-check-circle\"><\/i>\t\t\t\t\t\t<\/span>\n\t\t\t\t\t\t\t\t\t\t<span class=\"elementor-icon-list-text\">Reten\u00e7\u00e3o de Talentos<\/span>\n\t\t\t\t\t\t\t\t\t<\/li>\n\t\t\t\t\t\t\t\t<li class=\"elementor-icon-list-item\">\n\t\t\t\t\t\t\t\t\t\t\t<span class=\"elementor-icon-list-icon\">\n\t\t\t\t\t\t\t<i aria-hidden=\"true\" class=\"fas fa-check-circle\"><\/i>\t\t\t\t\t\t<\/span>\n\t\t\t\t\t\t\t\t\t\t<span class=\"elementor-icon-list-text\">Inova\u00e7\u00e3o e Criatividade<\/span>\n\t\t\t\t\t\t\t\t\t<\/li>\n\t\t\t\t\t\t\t\t<li class=\"elementor-icon-list-item\">\n\t\t\t\t\t\t\t\t\t\t\t<span class=\"elementor-icon-list-icon\">\n\t\t\t\t\t\t\t<i aria-hidden=\"true\" class=\"fas fa-check-circle\"><\/i>\t\t\t\t\t\t<\/span>\n\t\t\t\t\t\t\t\t\t\t<span class=\"elementor-icon-list-text\">Lideran\u00e7a Orientada por Valores<\/span>\n\t\t\t\t\t\t\t\t\t<\/li>\n\t\t\t\t\t\t\t\t<li class=\"elementor-icon-list-item\">\n\t\t\t\t\t\t\t\t\t\t\t<span class=\"elementor-icon-list-icon\">\n\t\t\t\t\t\t\t<i aria-hidden=\"true\" class=\"fas fa-check-circle\"><\/i>\t\t\t\t\t\t<\/span>\n\t\t\t\t\t\t\t\t\t\t<span class=\"elementor-icon-list-text\">Transpar\u00eancia e Comunica\u00e7\u00e3o Aberta<\/span>\n\t\t\t\t\t\t\t\t\t<\/li>\n\t\t\t\t\t\t\t\t<li class=\"elementor-icon-list-item\">\n\t\t\t\t\t\t\t\t\t\t\t<span class=\"elementor-icon-list-icon\">\n\t\t\t\t\t\t\t<i aria-hidden=\"true\" class=\"fas fa-check-circle\"><\/i>\t\t\t\t\t\t<\/span>\n\t\t\t\t\t\t\t\t\t\t<span class=\"elementor-icon-list-text\">Empatia como Pilar Central<\/span>\n\t\t\t\t\t\t\t\t\t<\/li>\n\t\t\t\t\t\t<\/ul>\n\t\t\t\t\t\t<\/div>\n\t\t\t\t<\/div>\n\t\t\t\t\t<\/div>\n\t\t<\/div>\n\t\t\t\t\t<\/div>\n\t\t<\/section>\n\t\t\t\t<div class=\"elementor-element elementor-element-f1fe3e0 elementor-widget elementor-widget-text-editor\" data-id=\"f1fe3e0\" data-element_type=\"widget\" data-widget_type=\"text-editor.default\">\n\t\t\t\t<div class=\"elementor-widget-container\">\n\t\t\t\t\t\t\t\t\t<p><strong>Exemplo na Pr\u00e1tica: A Mudi como L\u00edder Humanizada<\/strong><\/p>\n<p>A Mudi, como l\u00edder em consultoria, abra\u00e7a os princ\u00edpios da lideran\u00e7a humanizada. Com uma abordagem centrada nas pessoas, a Mudi cultiva um ambiente onde cada colaborador se sente valorizado, capacitado e inspirado a contribuir para o sucesso coletivo.<\/p>\t\t\t\t\t\t\t\t<\/div>\n\t\t\t\t<\/div>\n\t\t\t\t<div class=\"elementor-element elementor-element-26e4c73 elementor-widget elementor-widget-image\" data-id=\"26e4c73\" data-element_type=\"widget\" data-widget_type=\"image.default\">\n\t\t\t\t<div class=\"elementor-widget-container\">\n\t\t\t\t\t\t\t\t\t\t\t\t\t\t\t<img decoding=\"async\" width=\"960\" height=\"640\" src=\"https:\/\/mudioficial.com\/wp-content\/uploads\/2023\/05\/SX4A5392-1024x683.jpg\" class=\"attachment-large size-large wp-image-1402\" alt=\"\" srcset=\"https:\/\/mudioficial.com\/wp-content\/uploads\/2023\/05\/SX4A5392-1024x683.jpg 1024w, https:\/\/mudioficial.com\/wp-content\/uploads\/2023\/05\/SX4A5392-300x200.jpg 300w, https:\/\/mudioficial.com\/wp-content\/uploads\/2023\/05\/SX4A5392-768x512.jpg 768w, https:\/\/mudioficial.com\/wp-content\/uploads\/2023\/05\/SX4A5392-1536x1024.jpg 1536w, https:\/\/mudioficial.com\/wp-content\/uploads\/2023\/05\/SX4A5392-2048x1365.jpg 2048w\" sizes=\"(max-width: 960px) 100vw, 960px\" \/>\t\t\t\t\t\t\t\t\t\t\t\t\t\t\t<\/div>\n\t\t\t\t<\/div>\n\t\t\t\t<div class=\"elementor-element elementor-element-92d86e8 elementor-widget elementor-widget-text-editor\" data-id=\"92d86e8\" data-element_type=\"widget\" data-widget_type=\"text-editor.default\">\n\t\t\t\t<div class=\"elementor-widget-container\">\n\t\t\t\t\t\t\t\t\t<p><\/p>\n<p><strong>O Futuro da Lideran\u00e7a<\/strong><\/p>\n<p>A lideran\u00e7a humanizada n\u00e3o \u00e9 apenas uma tend\u00eancia; \u00e9 uma necessidade na era moderna dos neg\u00f3cios. Ao priorizar a empatia, o desenvolvimento pessoal e a transpar\u00eancia, os l\u00edderes humanizados est\u00e3o esculpindo o futuro do trabalho, criando ambientes onde as pessoas n\u00e3o apenas prosperam profissionalmente, mas tamb\u00e9m encontram significado e prop\u00f3sito em suas jornadas. Ao adotar esses princ\u00edpios, os l\u00edderes est\u00e3o pavimentando o caminho para uma cultura organizacional mais saud\u00e1vel, produtiva e resiliente.<\/p>\n<p><\/p>\n<p><\/p>\n<p>L\u00edderes humanizados cultivam um ambiente de trabalho que inspira e motiva, resultando em altos n\u00edveis de engajamento por parte da equipe. Ao reconhecer o valor individual de cada colaborador, a lideran\u00e7a humanizada contribui para a reten\u00e7\u00e3o de talentos, pois os profissionais se sentem conectados e apreciados. Equipes lideradas por uma abordagem humanizada s\u00e3o mais propensas \u00e0 inova\u00e7\u00e3o, pois se sentem encorajadas a expressar suas ideias e contribui\u00e7\u00f5es.<\/p>\n<p><\/p>\t\t\t\t\t\t\t\t<\/div>\n\t\t\t\t<\/div>\n\t\t\t\t\t<\/div>\n\t\t<\/div>\n\t\t\t\t\t<\/div>\n\t\t<\/section>\n\t\t\t\t<\/div>\n\t\t","protected":false},"excerpt":{"rendered":"<p>A Transforma\u00e7\u00e3o da Lideran\u00e7a Num mundo em constante evolu\u00e7\u00e3o, a lideran\u00e7a humanizada emerge como uma abordagem transformadora. Mais do que gerir equipes, l\u00edderes humanizados inspiram, conectam-se emocionalmente e promovem um ambiente de trabalho que valoriza cada indiv\u00edduo. Vamos explorar como essa forma de lideran\u00e7a est\u00e1 redefinindo o cen\u00e1rio corporativo. A lideran\u00e7a humanizada come\u00e7a com a compreens\u00e3o profunda das pessoas que comp\u00f5em a equipe. L\u00edderes dedicam tempo para conhecer as aspira\u00e7\u00f5es, desafios e habilidades individuais, criando uma conex\u00e3o aut\u00eantica. A empatia \u00e9 a espinha dorsal da lideran\u00e7a humanizada. L\u00edderes emp\u00e1ticos n\u00e3o apenas reconhecem as emo\u00e7\u00f5es de seus colaboradores, mas tamb\u00e9m as incorporam em suas decis\u00f5es e a\u00e7\u00f5es, promovendo um ambiente de trabalho mais solid\u00e1rio. L\u00edderes humanizados investem no desenvolvimento integral de suas equipes. Isso vai al\u00e9m do crescimento profissional, incluindo tamb\u00e9m o desenvolvimento pessoal, incentivando uma abordagem hol\u00edstica para o bem-estar dos colaboradores. Engajamento Elevado Reten\u00e7\u00e3o de Talentos Inova\u00e7\u00e3o e Criatividade Lideran\u00e7a Orientada por Valores Transpar\u00eancia e Comunica\u00e7\u00e3o Aberta Empatia como Pilar Central Exemplo na Pr\u00e1tica: A Mudi como L\u00edder Humanizada A Mudi, como l\u00edder em consultoria, abra\u00e7a os princ\u00edpios da lideran\u00e7a humanizada. Com uma abordagem centrada nas pessoas, a Mudi cultiva um ambiente onde cada colaborador se sente valorizado, capacitado e inspirado a contribuir para o sucesso coletivo. O Futuro da Lideran\u00e7a A lideran\u00e7a humanizada n\u00e3o \u00e9 apenas uma tend\u00eancia; \u00e9 uma necessidade na era moderna dos neg\u00f3cios. Ao priorizar a empatia, o desenvolvimento pessoal e a transpar\u00eancia, os l\u00edderes humanizados est\u00e3o esculpindo o futuro do trabalho, criando ambientes onde as pessoas n\u00e3o apenas prosperam profissionalmente, mas tamb\u00e9m encontram significado e prop\u00f3sito em suas jornadas. Ao adotar esses princ\u00edpios, os l\u00edderes est\u00e3o pavimentando o caminho para uma cultura organizacional mais saud\u00e1vel, produtiva e resiliente. L\u00edderes humanizados cultivam um ambiente de trabalho que inspira e motiva, resultando em altos n\u00edveis de engajamento por parte da equipe. Ao reconhecer o valor individual de cada colaborador, a lideran\u00e7a humanizada contribui para a reten\u00e7\u00e3o de talentos, pois os profissionais se sentem conectados e apreciados. Equipes lideradas por uma abordagem humanizada s\u00e3o mais propensas \u00e0 inova\u00e7\u00e3o, pois se sentem encorajadas a expressar suas ideias e contribui\u00e7\u00f5es.<\/p>\n","protected":false},"author":1,"featured_media":1463,"comment_status":"open","ping_status":"open","sticky":false,"template":"","format":"standard","meta":{"footnotes":""},"categories":[1,14,16,17],"tags":[],"_links":{"self":[{"href":"https:\/\/mudioficial.com\/index.php\/wp-json\/wp\/v2\/posts\/269"}],"collection":[{"href":"https:\/\/mudioficial.com\/index.php\/wp-json\/wp\/v2\/posts"}],"about":[{"href":"https:\/\/mudioficial.com\/index.php\/wp-json\/wp\/v2\/types\/post"}],"author":[{"embeddable":true,"href":"https:\/\/mudioficial.com\/index.php\/wp-json\/wp\/v2\/users\/1"}],"replies":[{"embeddable":true,"href":"https:\/\/mudioficial.com\/index.php\/wp-json\/wp\/v2\/comments?post=269"}],"version-history":[{"count":6,"href":"https:\/\/mudioficial.com\/index.php\/wp-json\/wp\/v2\/posts\/269\/revisions"}],"predecessor-version":[{"id":1467,"href":"https:\/\/mudioficial.com\/index.php\/wp-json\/wp\/v2\/posts\/269\/revisions\/1467"}],"wp:featuredmedia":[{"embeddable":true,"href":"https:\/\/mudioficial.com\/index.php\/wp-json\/wp\/v2\/media\/1463"}],"wp:attachment":[{"href":"https:\/\/mudioficial.com\/index.php\/wp-json\/wp\/v2\/media?parent=269"}],"wp:term":[{"taxonomy":"category","embeddable":true,"href":"https:\/\/mudioficial.com\/index.php\/wp-json\/wp\/v2\/categories?post=269"},{"taxonomy":"post_tag","embeddable":true,"href":"https:\/\/mudioficial.com\/index.php\/wp-json\/wp\/v2\/tags?post=269"}],"curies":[{"name":"wp","href":"https:\/\/api.w.org\/{rel}","templated":true}]}}