{"id":270,"date":"2023-05-14T17:17:49","date_gmt":"2023-05-14T17:17:49","guid":{"rendered":"https:\/\/demosites.royal-elementor-addons.com\/fintech-v1\/?p=270"},"modified":"2023-10-05T02:10:58","modified_gmt":"2023-10-05T02:10:58","slug":"como-ser-mais-produtivo","status":"publish","type":"post","link":"https:\/\/mudioficial.com\/index.php\/2023\/05\/14\/como-ser-mais-produtivo\/","title":{"rendered":"Como ser mais Produtivo?"},"content":{"rendered":"\t\t<div data-elementor-type=\"wp-post\" data-elementor-id=\"270\" class=\"elementor elementor-270\">\n\t\t\t\t\t\t<section class=\"elementor-section elementor-top-section elementor-element elementor-element-b151e3f elementor-section-boxed elementor-section-height-default elementor-section-height-default wpr-particle-no wpr-jarallax-no wpr-parallax-no wpr-sticky-section-no wpr-column-slider-no wpr-equal-height-no\" data-id=\"b151e3f\" data-element_type=\"section\">\n\t\t\t\t\t\t<div class=\"elementor-container elementor-column-gap-default\">\n\t\t\t\t\t<div class=\"elementor-column elementor-col-100 elementor-top-column elementor-element elementor-element-d6cee09\" data-id=\"d6cee09\" data-element_type=\"column\">\n\t\t\t<div class=\"elementor-widget-wrap elementor-element-populated\">\n\t\t\t\t\t\t<div class=\"elementor-element elementor-element-94eba5e elementor-widget elementor-widget-text-editor\" data-id=\"94eba5e\" data-element_type=\"widget\" data-widget_type=\"text-editor.default\">\n\t\t\t\t<div class=\"elementor-widget-container\">\n\t\t\t\t\t\t\t\t\t<p><\/p>\n<p><strong> A Busca pela Produtividade Efetiva<\/strong><\/p>\n<p>Na era da constante conectividade e demandas crescentes, a busca por produtividade efetiva tornou-se uma jornada essencial para profissionais e empreendedores. Nesta mat\u00e9ria, exploraremos estrat\u00e9gias pr\u00e1ticas e insights valiosos para ajud\u00e1-lo a maximizar seu desempenho e conquistar um dia a dia mais produtivo.<\/p>\n<p><\/p>\n<p><\/p>\n<p>Defina metas espec\u00edficas e claras. Priorize tarefas com base em sua import\u00e2ncia e urg\u00eancia. Ao come\u00e7ar o dia com metas estabelecidas, voc\u00ea direciona sua energia para o que realmente importa.<\/p>\n<p><\/p>\t\t\t\t\t\t\t\t<\/div>\n\t\t\t\t<\/div>\n\t\t\t\t<section class=\"elementor-section elementor-inner-section elementor-element elementor-element-f1b54b6 elementor-section-boxed elementor-section-height-default elementor-section-height-default wpr-particle-no wpr-jarallax-no wpr-parallax-no wpr-sticky-section-no wpr-column-slider-no wpr-equal-height-no\" data-id=\"f1b54b6\" data-element_type=\"section\">\n\t\t\t\t\t\t<div class=\"elementor-container elementor-column-gap-default\">\n\t\t\t\t\t<div class=\"elementor-column elementor-col-50 elementor-inner-column elementor-element elementor-element-a874cb9\" data-id=\"a874cb9\" data-element_type=\"column\">\n\t\t\t<div class=\"elementor-widget-wrap elementor-element-populated\">\n\t\t\t\t\t\t<div class=\"elementor-element elementor-element-59c0400 elementor-widget elementor-widget-image\" data-id=\"59c0400\" data-element_type=\"widget\" data-widget_type=\"image.default\">\n\t\t\t\t<div class=\"elementor-widget-container\">\n\t\t\t\t\t\t\t\t\t\t\t\t\t\t\t<img fetchpriority=\"high\" decoding=\"async\" width=\"960\" height=\"640\" src=\"https:\/\/mudioficial.com\/wp-content\/uploads\/2023\/05\/smiling-businessman-eyeglasses-sitting-by-table-cafe-with-laptop-computer-while-using-smartphone-writing-something-1024x683.jpg\" class=\"attachment-large size-large wp-image-1424\" alt=\"\" srcset=\"https:\/\/mudioficial.com\/wp-content\/uploads\/2023\/05\/smiling-businessman-eyeglasses-sitting-by-table-cafe-with-laptop-computer-while-using-smartphone-writing-something-1024x683.jpg 1024w, https:\/\/mudioficial.com\/wp-content\/uploads\/2023\/05\/smiling-businessman-eyeglasses-sitting-by-table-cafe-with-laptop-computer-while-using-smartphone-writing-something-300x200.jpg 300w, https:\/\/mudioficial.com\/wp-content\/uploads\/2023\/05\/smiling-businessman-eyeglasses-sitting-by-table-cafe-with-laptop-computer-while-using-smartphone-writing-something-768x512.jpg 768w, https:\/\/mudioficial.com\/wp-content\/uploads\/2023\/05\/smiling-businessman-eyeglasses-sitting-by-table-cafe-with-laptop-computer-while-using-smartphone-writing-something-1536x1024.jpg 1536w, https:\/\/mudioficial.com\/wp-content\/uploads\/2023\/05\/smiling-businessman-eyeglasses-sitting-by-table-cafe-with-laptop-computer-while-using-smartphone-writing-something-2048x1365.jpg 2048w\" sizes=\"(max-width: 960px) 100vw, 960px\" \/>\t\t\t\t\t\t\t\t\t\t\t\t\t\t\t<\/div>\n\t\t\t\t<\/div>\n\t\t\t\t\t<\/div>\n\t\t<\/div>\n\t\t\t\t<div class=\"elementor-column elementor-col-50 elementor-inner-column elementor-element elementor-element-4ec3157\" data-id=\"4ec3157\" data-element_type=\"column\">\n\t\t\t<div class=\"elementor-widget-wrap elementor-element-populated\">\n\t\t\t\t\t\t<div class=\"elementor-element elementor-element-a7660d6 elementor-widget elementor-widget-image\" data-id=\"a7660d6\" data-element_type=\"widget\" data-widget_type=\"image.default\">\n\t\t\t\t<div class=\"elementor-widget-container\">\n\t\t\t\t\t\t\t\t\t\t\t\t\t\t\t<img decoding=\"async\" width=\"960\" height=\"640\" src=\"https:\/\/mudioficial.com\/wp-content\/uploads\/2023\/05\/close-up-portrait-happy-business-woman-stylish-outfit-girl-high-spirits-demonstrates-chart-via-skype-1024x683.jpg\" class=\"attachment-large size-large wp-image-1423\" alt=\"\" srcset=\"https:\/\/mudioficial.com\/wp-content\/uploads\/2023\/05\/close-up-portrait-happy-business-woman-stylish-outfit-girl-high-spirits-demonstrates-chart-via-skype-1024x683.jpg 1024w, https:\/\/mudioficial.com\/wp-content\/uploads\/2023\/05\/close-up-portrait-happy-business-woman-stylish-outfit-girl-high-spirits-demonstrates-chart-via-skype-300x200.jpg 300w, https:\/\/mudioficial.com\/wp-content\/uploads\/2023\/05\/close-up-portrait-happy-business-woman-stylish-outfit-girl-high-spirits-demonstrates-chart-via-skype-768x512.jpg 768w, https:\/\/mudioficial.com\/wp-content\/uploads\/2023\/05\/close-up-portrait-happy-business-woman-stylish-outfit-girl-high-spirits-demonstrates-chart-via-skype-1536x1024.jpg 1536w, https:\/\/mudioficial.com\/wp-content\/uploads\/2023\/05\/close-up-portrait-happy-business-woman-stylish-outfit-girl-high-spirits-demonstrates-chart-via-skype-2048x1365.jpg 2048w\" sizes=\"(max-width: 960px) 100vw, 960px\" \/>\t\t\t\t\t\t\t\t\t\t\t\t\t\t\t<\/div>\n\t\t\t\t<\/div>\n\t\t\t\t\t<\/div>\n\t\t<\/div>\n\t\t\t\t\t<\/div>\n\t\t<\/section>\n\t\t\t\t<div class=\"elementor-element elementor-element-361ba1b elementor-widget elementor-widget-text-editor\" data-id=\"361ba1b\" data-element_type=\"widget\" data-widget_type=\"text-editor.default\">\n\t\t\t\t<div class=\"elementor-widget-container\">\n\t\t\t\t\t\t\t\t\t<p><\/p>\n<p>Um espa\u00e7o de trabalho organizado contribui significativamente para a produtividade. Elimine distra\u00e7\u00f5es, mantenha a \u00e1rea limpa e crie um ambiente prop\u00edcio para o foco e a criatividade.<\/p>\n<p><\/p>\t\t\t\t\t\t\t\t<\/div>\n\t\t\t\t<\/div>\n\t\t\t\t<section class=\"elementor-section elementor-inner-section elementor-element elementor-element-4f9095b elementor-section-boxed elementor-section-height-default elementor-section-height-default wpr-particle-no wpr-jarallax-no wpr-parallax-no wpr-sticky-section-no wpr-column-slider-no wpr-equal-height-no\" data-id=\"4f9095b\" data-element_type=\"section\">\n\t\t\t\t\t\t<div class=\"elementor-container elementor-column-gap-default\">\n\t\t\t\t\t<div class=\"elementor-column elementor-col-50 elementor-inner-column elementor-element elementor-element-9544d3d\" data-id=\"9544d3d\" data-element_type=\"column\">\n\t\t\t<div class=\"elementor-widget-wrap elementor-element-populated\">\n\t\t\t\t\t\t<div class=\"elementor-element elementor-element-7cd3514 elementor-widget elementor-widget-text-editor\" data-id=\"7cd3514\" data-element_type=\"widget\" data-widget_type=\"text-editor.default\">\n\t\t\t\t<div class=\"elementor-widget-container\">\n\t\t\t\t\t\t\t\t\t<p><strong>Pratique o Descanso Estrat\u00e9gico:<\/strong><\/p>\n<p>Reconhe\u00e7a a import\u00e2ncia do descanso. Pausas curtas durante o dia e per\u00edodos regulares de descanso s\u00e3o fundamentais para manter n\u00edveis elevados de energia e criatividade.<\/p>\t\t\t\t\t\t\t\t<\/div>\n\t\t\t\t<\/div>\n\t\t\t\t\t<\/div>\n\t\t<\/div>\n\t\t\t\t<div class=\"elementor-column elementor-col-50 elementor-inner-column elementor-element elementor-element-43056d5\" data-id=\"43056d5\" data-element_type=\"column\">\n\t\t\t<div class=\"elementor-widget-wrap elementor-element-populated\">\n\t\t\t\t\t\t<div class=\"elementor-element elementor-element-fd2e978 elementor-icon-list--layout-traditional elementor-list-item-link-full_width elementor-widget elementor-widget-icon-list\" data-id=\"fd2e978\" data-element_type=\"widget\" data-widget_type=\"icon-list.default\">\n\t\t\t\t<div class=\"elementor-widget-container\">\n\t\t\t\t\t\t\t<ul class=\"elementor-icon-list-items\">\n\t\t\t\t\t\t\t<li class=\"elementor-icon-list-item\">\n\t\t\t\t\t\t\t\t\t\t\t<span class=\"elementor-icon-list-icon\">\n\t\t\t\t\t\t\t<i aria-hidden=\"true\" class=\"fas fa-check-circle\"><\/i>\t\t\t\t\t\t<\/span>\n\t\t\t\t\t\t\t\t\t\t<span class=\"elementor-icon-list-text\">Estabele\u00e7a Metas Claras e Prioridades<\/span>\n\t\t\t\t\t\t\t\t\t<\/li>\n\t\t\t\t\t\t\t\t<li class=\"elementor-icon-list-item\">\n\t\t\t\t\t\t\t\t\t\t\t<span class=\"elementor-icon-list-icon\">\n\t\t\t\t\t\t\t<i aria-hidden=\"true\" class=\"fas fa-check-circle\"><\/i>\t\t\t\t\t\t<\/span>\n\t\t\t\t\t\t\t\t\t\t<span class=\"elementor-icon-list-text\">Adote T\u00e9cnicas de Gerenciamento de Tempo<\/span>\n\t\t\t\t\t\t\t\t\t<\/li>\n\t\t\t\t\t\t\t\t<li class=\"elementor-icon-list-item\">\n\t\t\t\t\t\t\t\t\t\t\t<span class=\"elementor-icon-list-icon\">\n\t\t\t\t\t\t\t<i aria-hidden=\"true\" class=\"fas fa-check-circle\"><\/i>\t\t\t\t\t\t<\/span>\n\t\t\t\t\t\t\t\t\t\t<span class=\"elementor-icon-list-text\">Organize seu Ambiente de Trabalho<\/span>\n\t\t\t\t\t\t\t\t\t<\/li>\n\t\t\t\t\t\t\t\t<li class=\"elementor-icon-list-item\">\n\t\t\t\t\t\t\t\t\t\t\t<span class=\"elementor-icon-list-icon\">\n\t\t\t\t\t\t\t<i aria-hidden=\"true\" class=\"fas fa-check-circle\"><\/i>\t\t\t\t\t\t<\/span>\n\t\t\t\t\t\t\t\t\t\t<span class=\"elementor-icon-list-text\">Pratique a Prioriza\u00e7\u00e3o de Tarefas<\/span>\n\t\t\t\t\t\t\t\t\t<\/li>\n\t\t\t\t\t\t\t\t<li class=\"elementor-icon-list-item\">\n\t\t\t\t\t\t\t\t\t\t\t<span class=\"elementor-icon-list-icon\">\n\t\t\t\t\t\t\t<i aria-hidden=\"true\" class=\"fas fa-check-circle\"><\/i>\t\t\t\t\t\t<\/span>\n\t\t\t\t\t\t\t\t\t\t<span class=\"elementor-icon-list-text\">Adote Ferramentas de Gerenciamento de Tarefas<\/span>\n\t\t\t\t\t\t\t\t\t<\/li>\n\t\t\t\t\t\t\t\t<li class=\"elementor-icon-list-item\">\n\t\t\t\t\t\t\t\t\t\t\t<span class=\"elementor-icon-list-icon\">\n\t\t\t\t\t\t\t<i aria-hidden=\"true\" class=\"fas fa-check-circle\"><\/i>\t\t\t\t\t\t<\/span>\n\t\t\t\t\t\t\t\t\t\t<span class=\"elementor-icon-list-text\">Invista em Desenvolvimento Pessoal<\/span>\n\t\t\t\t\t\t\t\t\t<\/li>\n\t\t\t\t\t\t<\/ul>\n\t\t\t\t\t\t<\/div>\n\t\t\t\t<\/div>\n\t\t\t\t\t<\/div>\n\t\t<\/div>\n\t\t\t\t\t<\/div>\n\t\t<\/section>\n\t\t\t\t<div class=\"elementor-element elementor-element-cb4a26e elementor-widget elementor-widget-text-editor\" data-id=\"cb4a26e\" data-element_type=\"widget\" data-widget_type=\"text-editor.default\">\n\t\t\t\t<div class=\"elementor-widget-container\">\n\t\t\t\t\t\t\t\t\t<p><strong>Estimule a Criatividade e a Inova\u00e7\u00e3o:<\/strong><\/p>\n<p>A produtividade n\u00e3o se limita \u00e0 efici\u00eancia; tamb\u00e9m abra\u00e7a a criatividade. Reserve tempo para atividades que estimulem sua mente, inspirem novas ideias e promovam a inova\u00e7\u00e3o em seu trabalho.<\/p>\t\t\t\t\t\t\t\t<\/div>\n\t\t\t\t<\/div>\n\t\t\t\t<div class=\"elementor-element elementor-element-226a422 elementor-widget elementor-widget-image\" data-id=\"226a422\" data-element_type=\"widget\" data-widget_type=\"image.default\">\n\t\t\t\t<div class=\"elementor-widget-container\">\n\t\t\t\t\t\t\t\t\t\t\t\t\t\t\t<img decoding=\"async\" width=\"910\" height=\"1024\" src=\"https:\/\/mudioficial.com\/wp-content\/uploads\/2023\/05\/18ce3ac9-8d63-48e0-9b69-9a9203a5ddf6-scaled-e1696451828122-910x1024.jpg\" class=\"attachment-large size-large wp-image-1372\" alt=\"\" srcset=\"https:\/\/mudioficial.com\/wp-content\/uploads\/2023\/05\/18ce3ac9-8d63-48e0-9b69-9a9203a5ddf6-scaled-e1696451828122-910x1024.jpg 910w, https:\/\/mudioficial.com\/wp-content\/uploads\/2023\/05\/18ce3ac9-8d63-48e0-9b69-9a9203a5ddf6-scaled-e1696451828122-267x300.jpg 267w, https:\/\/mudioficial.com\/wp-content\/uploads\/2023\/05\/18ce3ac9-8d63-48e0-9b69-9a9203a5ddf6-scaled-e1696451828122-768x864.jpg 768w, https:\/\/mudioficial.com\/wp-content\/uploads\/2023\/05\/18ce3ac9-8d63-48e0-9b69-9a9203a5ddf6-scaled-e1696451828122-1365x1536.jpg 1365w, https:\/\/mudioficial.com\/wp-content\/uploads\/2023\/05\/18ce3ac9-8d63-48e0-9b69-9a9203a5ddf6-scaled-e1696451828122.jpg 1689w\" sizes=\"(max-width: 910px) 100vw, 910px\" \/>\t\t\t\t\t\t\t\t\t\t\t\t\t\t\t<\/div>\n\t\t\t\t<\/div>\n\t\t\t\t<div class=\"elementor-element elementor-element-0499a5d elementor-widget elementor-widget-text-editor\" data-id=\"0499a5d\" data-element_type=\"widget\" data-widget_type=\"text-editor.default\">\n\t\t\t\t<div class=\"elementor-widget-container\">\n\t\t\t\t\t\t\t\t\t<p><\/p>\n<p><strong>Adote uma Mentalidade Produtiva<\/strong><\/p>\n<p>Ser mais produtivo n\u00e3o se trata apenas de trabalhar mais, mas sim de trabalhar de maneira mais inteligente e eficiente. Ao incorporar essas estrat\u00e9gias em sua rotina di\u00e1ria e cultivar uma mentalidade produtiva, voc\u00ea estar\u00e1 pavimentando o caminho para o sucesso profissional e pessoal. Experimente, adapte conforme necess\u00e1rio e descubra o que funciona melhor para voc\u00ea. Sua jornada para uma produtividade efetiva come\u00e7a agora.<\/p>\n<p><strong>Uma Jornada Cont\u00ednua de Melhoria Pessoal e Profissional<\/strong><\/p>\n<p>A jornada para ser mais produtivo \u00e9 uma busca constante por aprimoramento pessoal e profissional. Implemente gradualmente essas estrat\u00e9gias em sua rotina, ajustando conforme necess\u00e1rio. Lembre-se de que a produtividade n\u00e3o \u00e9 uma corrida, mas sim uma jornada cont\u00ednua em dire\u00e7\u00e3o \u00e0 excel\u00eancia. Ao adotar uma abordagem equilibrada e consistente, voc\u00ea estar\u00e1 no caminho para desbloquear seu potencial m\u00e1ximo e conquistar o sucesso em todas as \u00e1reas da vida. A produtividade efetiva \u00e9 uma escolha, e a escolha \u00e9 sua.<\/p>\n<p><\/p>\t\t\t\t\t\t\t\t<\/div>\n\t\t\t\t<\/div>\n\t\t\t\t\t<\/div>\n\t\t<\/div>\n\t\t\t\t\t<\/div>\n\t\t<\/section>\n\t\t\t\t<\/div>\n\t\t","protected":false},"excerpt":{"rendered":"<p>A Busca pela Produtividade Efetiva Na era da constante conectividade e demandas crescentes, a busca por produtividade efetiva tornou-se uma jornada essencial para profissionais e empreendedores. Nesta mat\u00e9ria, exploraremos estrat\u00e9gias pr\u00e1ticas e insights valiosos para ajud\u00e1-lo a maximizar seu desempenho e conquistar um dia a dia mais produtivo. Defina metas espec\u00edficas e claras. Priorize tarefas com base em sua import\u00e2ncia e urg\u00eancia. Ao come\u00e7ar o dia com metas estabelecidas, voc\u00ea direciona sua energia para o que realmente importa. Um espa\u00e7o de trabalho organizado contribui significativamente para a produtividade. Elimine distra\u00e7\u00f5es, mantenha a \u00e1rea limpa e crie um ambiente prop\u00edcio para o foco e a criatividade. Pratique o Descanso Estrat\u00e9gico: Reconhe\u00e7a a import\u00e2ncia do descanso. Pausas curtas durante o dia e per\u00edodos regulares de descanso s\u00e3o fundamentais para manter n\u00edveis elevados de energia e criatividade. Estabele\u00e7a Metas Claras e Prioridades Adote T\u00e9cnicas de Gerenciamento de Tempo Organize seu Ambiente de Trabalho Pratique a Prioriza\u00e7\u00e3o de Tarefas Adote Ferramentas de Gerenciamento de Tarefas Invista em Desenvolvimento Pessoal Estimule a Criatividade e a Inova\u00e7\u00e3o: A produtividade n\u00e3o se limita \u00e0 efici\u00eancia; tamb\u00e9m abra\u00e7a a criatividade. Reserve tempo para atividades que estimulem sua mente, inspirem novas ideias e promovam a inova\u00e7\u00e3o em seu trabalho. Adote uma Mentalidade Produtiva Ser mais produtivo n\u00e3o se trata apenas de trabalhar mais, mas sim de trabalhar de maneira mais inteligente e eficiente. Ao incorporar essas estrat\u00e9gias em sua rotina di\u00e1ria e cultivar uma mentalidade produtiva, voc\u00ea estar\u00e1 pavimentando o caminho para o sucesso profissional e pessoal. Experimente, adapte conforme necess\u00e1rio e descubra o que funciona melhor para voc\u00ea. Sua jornada para uma produtividade efetiva come\u00e7a agora. Uma Jornada Cont\u00ednua de Melhoria Pessoal e Profissional A jornada para ser mais produtivo \u00e9 uma busca constante por aprimoramento pessoal e profissional. Implemente gradualmente essas estrat\u00e9gias em sua rotina, ajustando conforme necess\u00e1rio. Lembre-se de que a produtividade n\u00e3o \u00e9 uma corrida, mas sim uma jornada cont\u00ednua em dire\u00e7\u00e3o \u00e0 excel\u00eancia. Ao adotar uma abordagem equilibrada e consistente, voc\u00ea estar\u00e1 no caminho para desbloquear seu potencial m\u00e1ximo e conquistar o sucesso em todas as \u00e1reas da vida. A produtividade efetiva \u00e9 uma escolha, e a escolha \u00e9 sua.<\/p>\n","protected":false},"author":1,"featured_media":1464,"comment_status":"open","ping_status":"open","sticky":false,"template":"","format":"standard","meta":{"footnotes":""},"categories":[1,16],"tags":[],"_links":{"self":[{"href":"https:\/\/mudioficial.com\/index.php\/wp-json\/wp\/v2\/posts\/270"}],"collection":[{"href":"https:\/\/mudioficial.com\/index.php\/wp-json\/wp\/v2\/posts"}],"about":[{"href":"https:\/\/mudioficial.com\/index.php\/wp-json\/wp\/v2\/types\/post"}],"author":[{"embeddable":true,"href":"https:\/\/mudioficial.com\/index.php\/wp-json\/wp\/v2\/users\/1"}],"replies":[{"embeddable":true,"href":"https:\/\/mudioficial.com\/index.php\/wp-json\/wp\/v2\/comments?post=270"}],"version-history":[{"count":6,"href":"https:\/\/mudioficial.com\/index.php\/wp-json\/wp\/v2\/posts\/270\/revisions"}],"predecessor-version":[{"id":1465,"href":"https:\/\/mudioficial.com\/index.php\/wp-json\/wp\/v2\/posts\/270\/revisions\/1465"}],"wp:featuredmedia":[{"embeddable":true,"href":"https:\/\/mudioficial.com\/index.php\/wp-json\/wp\/v2\/media\/1464"}],"wp:attachment":[{"href":"https:\/\/mudioficial.com\/index.php\/wp-json\/wp\/v2\/media?parent=270"}],"wp:term":[{"taxonomy":"category","embeddable":true,"href":"https:\/\/mudioficial.com\/index.php\/wp-json\/wp\/v2\/categories?post=270"},{"taxonomy":"post_tag","embeddable":true,"href":"https:\/\/mudioficial.com\/index.php\/wp-json\/wp\/v2\/tags?post=270"}],"curies":[{"name":"wp","href":"https:\/\/api.w.org\/{rel}","templated":true}]}}